{"id":1035,"date":"2026-08-25T11:46:47","date_gmt":"2026-08-25T11:46:47","guid":{"rendered":"https:\/\/ervadaninha.com\/blog\/?p=1035"},"modified":"2026-08-25T11:46:47","modified_gmt":"2026-08-25T11:46:47","slug":"erva-daninha-recebe-palestra-em-alusao-ao-agosto-lilas","status":"publish","type":"post","link":"https:\/\/ervadaninha.com\/blog\/2026\/08\/25\/erva-daninha-recebe-palestra-em-alusao-ao-agosto-lilas\/","title":{"rendered":"Erva Daninha recebe palestra em alus\u00e3o ao Agosto Lil\u00e1s"},"content":{"rendered":"\n<p class=\"wp-block-paragraph\">Em alus\u00e3o ao Agosto Lil\u00e1s, a Erva Daninha recebeu, nesta segunda-feira (24), uma importante palestra de conscientiza\u00e7\u00e3o e informa\u00e7\u00e3o sobre o enfrentamento \u00e0 viol\u00eancia contra a mulher.<\/p>\n\n\n\n<p class=\"wp-block-paragraph\">O encontro foi conduzido por integrantes do Movimento Lil\u00e1s, iniciativa que re\u00fane representantes do munic\u00edpio, Pol\u00edcia Civil, Pol\u00edcia Militar, Defensoria P\u00fablica e volunt\u00e1rias, com o objetivo de fortalecer a rede de prote\u00e7\u00e3o e ampliar o acesso \u00e0 informa\u00e7\u00e3o.<\/p>\n\n\n\n<figure class=\"wp-block-gallery has-nested-images columns-default is-cropped wp-block-gallery-1 is-layout-flex wp-block-gallery-is-layout-flex\">\n<figure class=\"wp-block-image size-large\"><img loading=\"lazy\" decoding=\"async\" width=\"768\" height=\"1024\" data-id=\"1039\" src=\"https:\/\/ervadaninha.com\/blog\/wp-content\/uploads\/2026\/08\/WhatsApp-Image-2026-08-24-at-17.55.38-1-768x1024.jpeg\" alt=\"\" class=\"wp-image-1039\" srcset=\"https:\/\/ervadaninha.com\/blog\/wp-content\/uploads\/2026\/08\/WhatsApp-Image-2026-08-24-at-17.55.38-1-768x1024.jpeg 768w, https:\/\/ervadaninha.com\/blog\/wp-content\/uploads\/2026\/08\/WhatsApp-Image-2026-08-24-at-17.55.38-1-225x300.jpeg 225w, https:\/\/ervadaninha.com\/blog\/wp-content\/uploads\/2026\/08\/WhatsApp-Image-2026-08-24-at-17.55.38-1.jpeg 960w\" sizes=\"auto, (max-width: 768px) 100vw, 768px\" \/><\/figure>\n\n\n\n<figure class=\"wp-block-image size-large\"><img loading=\"lazy\" decoding=\"async\" width=\"768\" height=\"1024\" data-id=\"1038\" src=\"https:\/\/ervadaninha.com\/blog\/wp-content\/uploads\/2026\/08\/WhatsApp-Image-2026-08-24-at-17.55.38-768x1024.jpeg\" alt=\"\" class=\"wp-image-1038\" srcset=\"https:\/\/ervadaninha.com\/blog\/wp-content\/uploads\/2026\/08\/WhatsApp-Image-2026-08-24-at-17.55.38-768x1024.jpeg 768w, https:\/\/ervadaninha.com\/blog\/wp-content\/uploads\/2026\/08\/WhatsApp-Image-2026-08-24-at-17.55.38-225x300.jpeg 225w, https:\/\/ervadaninha.com\/blog\/wp-content\/uploads\/2026\/08\/WhatsApp-Image-2026-08-24-at-17.55.38.jpeg 960w\" sizes=\"auto, (max-width: 768px) 100vw, 768px\" \/><\/figure>\n\n\n\n<figure class=\"wp-block-image size-large\"><img loading=\"lazy\" decoding=\"async\" width=\"768\" height=\"1024\" data-id=\"1036\" src=\"https:\/\/ervadaninha.com\/blog\/wp-content\/uploads\/2026\/08\/WhatsApp-Image-2026-08-24-at-17.55.40-768x1024.jpeg\" alt=\"\" class=\"wp-image-1036\" srcset=\"https:\/\/ervadaninha.com\/blog\/wp-content\/uploads\/2026\/08\/WhatsApp-Image-2026-08-24-at-17.55.40-768x1024.jpeg 768w, https:\/\/ervadaninha.com\/blog\/wp-content\/uploads\/2026\/08\/WhatsApp-Image-2026-08-24-at-17.55.40-225x300.jpeg 225w, https:\/\/ervadaninha.com\/blog\/wp-content\/uploads\/2026\/08\/WhatsApp-Image-2026-08-24-at-17.55.40.jpeg 960w\" sizes=\"auto, (max-width: 768px) 100vw, 768px\" \/><\/figure>\n\n\n\n<figure class=\"wp-block-image size-large\"><img loading=\"lazy\" decoding=\"async\" width=\"768\" height=\"1024\" data-id=\"1037\" src=\"https:\/\/ervadaninha.com\/blog\/wp-content\/uploads\/2026\/08\/WhatsApp-Image-2026-08-24-at-17.55.39-768x1024.jpeg\" alt=\"\" class=\"wp-image-1037\" srcset=\"https:\/\/ervadaninha.com\/blog\/wp-content\/uploads\/2026\/08\/WhatsApp-Image-2026-08-24-at-17.55.39-768x1024.jpeg 768w, https:\/\/ervadaninha.com\/blog\/wp-content\/uploads\/2026\/08\/WhatsApp-Image-2026-08-24-at-17.55.39-225x300.jpeg 225w, https:\/\/ervadaninha.com\/blog\/wp-content\/uploads\/2026\/08\/WhatsApp-Image-2026-08-24-at-17.55.39.jpeg 960w\" sizes=\"auto, (max-width: 768px) 100vw, 768px\" \/><\/figure>\n<\/figure>\n","protected":false},"excerpt":{"rendered":"<p>Em alus\u00e3o ao Agosto Lil\u00e1s, a Erva Daninha recebeu, nesta segunda-feira (24), uma importante palestra de conscientiza\u00e7\u00e3o e informa\u00e7\u00e3o sobre o enfrentamento \u00e0 viol\u00eancia contra a mulher. O encontro foi conduzido por integrantes do Movimento Lil\u00e1s, iniciativa que re\u00fane representantes do munic\u00edpio, Pol\u00edcia Civil, Pol\u00edcia Militar, Defensoria P\u00fablica e volunt\u00e1rias, com o objetivo de fortalecer&hellip;&nbsp;<a href=\"https:\/\/ervadaninha.com\/blog\/2026\/08\/25\/erva-daninha-recebe-palestra-em-alusao-ao-agosto-lilas\/\" rel=\"bookmark\">Ler mais &raquo;<span class=\"screen-reader-text\">Erva Daninha recebe palestra em alus\u00e3o ao Agosto Lil\u00e1s<\/span><\/a><\/p>\n","protected":false},"author":4,"featured_media":1036,"comment_status":"open","ping_status":"open","sticky":false,"template":"","format":"standard","meta":{"pagelayer_contact_templates":[],"_pagelayer_content":"","rop_custom_images_group":[],"rop_custom_messages_group":[],"rop_publish_now":"yes","rop_publish_now_accounts":[],"rop_publish_now_history":[],"rop_publish_now_status":"pending","neve_meta_sidebar":"","neve_meta_container":"","neve_meta_enable_content_width":"","neve_meta_content_width":0,"neve_meta_title_alignment":"","neve_meta_author_avatar":"","neve_post_elements_order":"","neve_meta_disable_header":"","neve_meta_disable_footer":"","neve_meta_disable_title":"","footnotes":""},"categories":[1],"tags":[],"class_list":["post-1035","post","type-post","status-publish","format-standard","has-post-thumbnail","hentry","category-uncategorized"],"_links":{"self":[{"href":"https:\/\/ervadaninha.com\/blog\/wp-json\/wp\/v2\/posts\/1035","targetHints":{"allow":["GET"]}}],"collection":[{"href":"https:\/\/ervadaninha.com\/blog\/wp-json\/wp\/v2\/posts"}],"about":[{"href":"https:\/\/ervadaninha.com\/blog\/wp-json\/wp\/v2\/types\/post"}],"author":[{"embeddable":true,"href":"https:\/\/ervadaninha.com\/blog\/wp-json\/wp\/v2\/users\/4"}],"replies":[{"embeddable":true,"href":"https:\/\/ervadaninha.com\/blog\/wp-json\/wp\/v2\/comments?post=1035"}],"version-history":[{"count":1,"href":"https:\/\/ervadaninha.com\/blog\/wp-json\/wp\/v2\/posts\/1035\/revisions"}],"predecessor-version":[{"id":1040,"href":"https:\/\/ervadaninha.com\/blog\/wp-json\/wp\/v2\/posts\/1035\/revisions\/1040"}],"wp:featuredmedia":[{"embeddable":true,"href":"https:\/\/ervadaninha.com\/blog\/wp-json\/wp\/v2\/media\/1036"}],"wp:attachment":[{"href":"https:\/\/ervadaninha.com\/blog\/wp-json\/wp\/v2\/media?parent=1035"}],"wp:term":[{"taxonomy":"category","embeddable":true,"href":"https:\/\/ervadaninha.com\/blog\/wp-json\/wp\/v2\/categories?post=1035"},{"taxonomy":"post_tag","embeddable":true,"href":"https:\/\/ervadaninha.com\/blog\/wp-json\/wp\/v2\/tags?post=1035"}],"curies":[{"name":"wp","href":"https:\/\/api.w.org\/{rel}","templated":true}]}}